{"id":9516,"date":"2024-01-29T10:25:09","date_gmt":"2024-01-29T09:25:09","guid":{"rendered":"https:\/\/nova.otroci.org\/?p=9516"},"modified":"2024-01-29T10:25:10","modified_gmt":"2024-01-29T09:25:10","slug":"detektivske-uganke","status":"publish","type":"post","link":"https:\/\/nova.otroci.org\/index.php\/2024\/01\/29\/detektivske-uganke\/","title":{"rendered":"Detektivske uganke"},"content":{"rendered":"\n<p>Detektivske uganke za otroke so navdu\u0161ujo\u010de igre, ki spodbujajo logi\u010dno razmi\u0161ljanje in domi\u0161ljijo. Vklju\u010dujejo skrivnostne scenarije, kjer morajo otroci re\u0161iti uganko ali odkriti skrito sled, da bi razre\u0161ili primer. Pogosto vsebujejo namige in sledi, ki vodijo do re\u0161itve, spodbujajo sodelovanje in razvoj analiti\u010dnih ve\u0161\u010din. Detektivske uganke so lahko tematsko obarvane, kot na primer iskanje izgubljenega zaklada ali razkrivanje skrivnosti v domi\u0161ljijskem svetu. Te igre so odli\u010den na\u010din za razvedrilo in u\u010denje.<\/p>\n\n\n\n<hr class=\"wp-block-separator has-text-color has-pale-cyan-blue-color has-alpha-channel-opacity has-pale-cyan-blue-background-color has-background is-style-wide\"\/>\n\n\n\n<div class=\"wp-block-columns is-layout-flex wp-container-core-columns-is-layout-9d6595d7 wp-block-columns-is-layout-flex\">\n<div class=\"wp-block-column is-vertically-aligned-center is-layout-flow wp-block-column-is-layout-flow\"><div class=\"wp-block-image\">\n<figure class=\"aligncenter size-full\"><a href=\"https:\/\/www.otroci.org\/detektivske\/BozicDetektivke10.pdf\"><img loading=\"lazy\" decoding=\"async\" width=\"102\" height=\"129\" src=\"https:\/\/nova.otroci.org\/wp-content\/uploads\/2023\/11\/pdf_102x129.jpg\" alt=\"\" class=\"wp-image-4436\"\/><\/a><\/figure><\/div>\n\n\n<p class=\"has-text-align-center\"><a href=\"https:\/\/www.otroci.org\/detektivske\/BozicDetektivke10.pdf\">Natisni<\/a><\/p>\n<\/div>\n\n\n\n<div class=\"wp-block-column is-layout-flow wp-block-column-is-layout-flow\" style=\"flex-basis:66.66%\">\n<h2 class=\"wp-block-heading\">Bo\u017ei\u010dna ve\u010derja<\/h2>\n\n\n\n<p>Nejc, Denis, Zara in Aj\u0161a so na bo\u017ei\u010dni ve\u010derji jedli same dobrote: puranje zrezke v omaki, pe\u010denega pi\u0161\u010danca, dunajske svinjske zrezke in ocvrte lignje.<\/p>\n\n\n\n<p>Kaj je jedel kateri?<\/p>\n\n\n\n<p>Preberi, pa bo\u0161 izvedel!<\/p>\n\n\n\n<p>Zara ima najraje lignje in dunajske svinjske zrezke, Aj\u0161a pa sploh ne je svinskega in puranjega mesa.<\/p>\n\n\n\n<p>Nih\u010de od fantov ni jedel pi\u0161\u010danca, prav tako pa Nejc ni jedel dunajskega svinjskega zrezka, Denis pa ne puranjega zrezka v omaki.<\/p>\n\n\n\n<p>\u010ce bi se Denis moral odlo\u010dati med dunajskim svinjskim zrezkom in lignji, bi se zagotovo odlo\u010dil za lignje.<\/p>\n<\/div>\n<\/div>\n\n\n\n<hr class=\"wp-block-separator has-text-color has-pale-cyan-blue-color has-alpha-channel-opacity has-pale-cyan-blue-background-color has-background is-style-wide\"\/>\n\n\n\n<div class=\"wp-block-columns is-layout-flex wp-container-core-columns-is-layout-9d6595d7 wp-block-columns-is-layout-flex\">\n<div class=\"wp-block-column is-vertically-aligned-center is-layout-flow wp-block-column-is-layout-flow\"><div class=\"wp-block-image\">\n<figure class=\"aligncenter size-full\"><a href=\"https:\/\/www.otroci.org\/detektivske\/BozicDetektivke09.pdf\"><img loading=\"lazy\" decoding=\"async\" width=\"102\" height=\"129\" src=\"https:\/\/nova.otroci.org\/wp-content\/uploads\/2023\/11\/pdf_102x129.jpg\" alt=\"\" class=\"wp-image-4436\"\/><\/a><\/figure><\/div>\n\n\n<p class=\"has-text-align-center\"><a href=\"https:\/\/www.otroci.org\/detektivske\/BozicDetektivke09.pdf\">Natisni<\/a><\/p>\n<\/div>\n\n\n\n<div class=\"wp-block-column is-layout-flow wp-block-column-is-layout-flow\" style=\"flex-basis:66.66%\">\n<h2 class=\"wp-block-heading\">Kaj bodo po\u010deli na bo\u017ei\u010dni ve\u010der ? <\/h2>\n\n\n\n<p>Lucija, Sara in Timotej bodo bo\u017ei\u010dni ve\u010der pre\u017eiveli vsak na drugi strani: eden bo \u0161el k polno\u010dnici, drugi k babici na ve\u010derjo, tretji pa bo doma gledal bo\u017ei\u010dni program po televiziji.<\/p>\n\n\n\n<p>Kateri bo kaj po\u010del, ugotovi ti!<\/p>\n\n\n\n<p>Lucija ni \u0161e nikoli na bo\u017ei\u010dni ve\u010der gledala televizije.<br>Nobena izmed deklet ni bila na ve\u010derji pri babici.<\/p>\n<\/div>\n<\/div>\n\n\n\n<hr class=\"wp-block-separator has-text-color has-pale-cyan-blue-color has-alpha-channel-opacity has-pale-cyan-blue-background-color has-background is-style-wide\"\/>\n\n\n\n<div class=\"wp-block-columns is-layout-flex wp-container-core-columns-is-layout-9d6595d7 wp-block-columns-is-layout-flex\">\n<div class=\"wp-block-column is-vertically-aligned-center is-layout-flow wp-block-column-is-layout-flow\"><div class=\"wp-block-image\">\n<figure class=\"aligncenter size-full\"><a href=\"https:\/\/www.otroci.org\/detektivske\/BozicDetektivke08.pdf\"><img loading=\"lazy\" decoding=\"async\" width=\"102\" height=\"129\" src=\"https:\/\/nova.otroci.org\/wp-content\/uploads\/2023\/11\/pdf_102x129.jpg\" alt=\"\" class=\"wp-image-4436\"\/><\/a><\/figure><\/div>\n\n\n<p class=\"has-text-align-center\"><a href=\"https:\/\/www.otroci.org\/detektivske\/BozicDetektivke08.pdf\">Natisni<\/a><\/p>\n<\/div>\n\n\n\n<div class=\"wp-block-column is-layout-flow wp-block-column-is-layout-flow\" style=\"flex-basis:66.66%\">\n<h2 class=\"wp-block-heading\">Mi pa imamo tak\u0161no smrekico\u2026<\/h2>\n\n\n\n<p>\u017diva, Naja in Marko so se pogovarjali, kak\u0161no smrekico ima kdo doma. Eden je povedal, da imajo doma pravo jelko, drugi, da imajo umetno bo\u017ei\u010dno drevo in tretji, da imajo veliko smrekino vejo, ki jo okrasijo.<\/p>\n\n\n\n<p>Kateri ima kaj doma?<\/p>\n\n\n\n<p>Pri \u017divinih doma \u0161e nikoli niso imeli \u017eive jelke ali bo\u017ei\u010dne veje, Naja pa si zelo \u017eeli okrasiti pravo bo\u017ei\u010dno drevo, a star\u0161i so prepri\u010dani, da v njihovem malem stanovanju ni prostora za njega.<\/p>\n<\/div>\n<\/div>\n\n\n\n<hr class=\"wp-block-separator has-text-color has-pale-cyan-blue-color has-alpha-channel-opacity has-pale-cyan-blue-background-color has-background is-style-wide\"\/>\n\n\n\n<div class=\"wp-block-columns is-layout-flex wp-container-core-columns-is-layout-9d6595d7 wp-block-columns-is-layout-flex\">\n<div class=\"wp-block-column is-vertically-aligned-center is-layout-flow wp-block-column-is-layout-flow\"><div class=\"wp-block-image\">\n<figure class=\"aligncenter size-full\"><a href=\"https:\/\/www.otroci.org\/detektivske\/BozicDetektivke07.pdf\"><img loading=\"lazy\" decoding=\"async\" width=\"102\" height=\"129\" src=\"https:\/\/nova.otroci.org\/wp-content\/uploads\/2023\/11\/pdf_102x129.jpg\" alt=\"\" class=\"wp-image-4436\"\/><\/a><\/figure><\/div>\n\n\n<p class=\"has-text-align-center\"><a href=\"https:\/\/www.otroci.org\/detektivske\/BozicDetektivke07.pdf\">Natisni<\/a><\/p>\n<\/div>\n\n\n\n<div class=\"wp-block-column is-layout-flow wp-block-column-is-layout-flow\" style=\"flex-basis:66.66%\">\n<h2 class=\"wp-block-heading\">Jaz smu\u010dam, ti deska\u0161, on \u2026<\/h2>\n\n\n\n<p>Ela, Matic in Laura so nori na sneg! Eden izmed njih smu\u010da, drugi se najraje sanka, tretji pa deska na snegu.<br>\u010ce prebere\u0161 naslednje stavke, ugotovi\u0161, kateri kaj najraje po\u010dne.<\/p>\n\n\n\n<p>Ela \u0161e ne smu\u010da, ker je \u0161e premajhna.<br>Matic se sicer rad sanka in smu\u010da, a lansko zimo je na\u0161el nov zimski \u0161port.<\/p>\n\n\n\n<p>\u017de ve\u0161, kaj Ela, Matic in Laura najraje po\u010dnejo pozimi?<\/p>\n<\/div>\n<\/div>\n\n\n\n<hr class=\"wp-block-separator has-text-color has-pale-cyan-blue-color has-alpha-channel-opacity has-pale-cyan-blue-background-color has-background is-style-wide\"\/>\n\n\n\n<div class=\"wp-block-columns is-layout-flex wp-container-core-columns-is-layout-9d6595d7 wp-block-columns-is-layout-flex\">\n<div class=\"wp-block-column is-vertically-aligned-center is-layout-flow wp-block-column-is-layout-flow\"><div class=\"wp-block-image\">\n<figure class=\"aligncenter size-full\"><a href=\"https:\/\/www.otroci.org\/detektivske\/BozicDetektivke06.pdf\"><img loading=\"lazy\" decoding=\"async\" width=\"102\" height=\"129\" src=\"https:\/\/nova.otroci.org\/wp-content\/uploads\/2023\/11\/pdf_102x129.jpg\" alt=\"\" class=\"wp-image-4436\"\/><\/a><\/figure><\/div>\n\n\n<p class=\"has-text-align-center\"><a href=\"https:\/\/www.otroci.org\/detektivske\/BozicDetektivke06.pdf\">Natisni<\/a><\/p>\n<\/div>\n\n\n\n<div class=\"wp-block-column is-layout-flow wp-block-column-is-layout-flow\" style=\"flex-basis:66.66%\">\n<h2 class=\"wp-block-heading\">Kaj je Bo\u017ei\u010dek nastavil pri babici ? <\/h2>\n\n\n\n<p>Bo\u017ei\u010dek je tudi letos pustil darila za Lano, Miho, Bla\u017ea in Maja pri babici. Eden je dobil tople nogavice, drugi kapo, tretji \u0161al in \u010detrti rokavice.<\/p>\n\n\n\n<p>Kaj je dobil kateri ugotovi\u0161, \u010de prebere\u0161 naslednje stavke:<\/p>\n\n\n\n<ul class=\"wp-block-list\">\n<li>Nobeden od fantov ni dobil rokavic.<\/li>\n\n\n\n<li>Miha ni dobil kape, Bla\u017e ne \u0161ala, Maj pa ni dobil ne kape ne nogavic.<\/li>\n<\/ul>\n<\/div>\n<\/div>\n\n\n\n<hr class=\"wp-block-separator has-text-color has-pale-cyan-blue-color has-alpha-channel-opacity has-pale-cyan-blue-background-color has-background is-style-wide\"\/>\n\n\n\n<div class=\"wp-block-columns is-layout-flex wp-container-core-columns-is-layout-9d6595d7 wp-block-columns-is-layout-flex\">\n<div class=\"wp-block-column is-vertically-aligned-center is-layout-flow wp-block-column-is-layout-flow\"><div class=\"wp-block-image\">\n<figure class=\"aligncenter size-full\"><a href=\"https:\/\/www.otroci.org\/detektivske\/BozicDetektivke05.pdf\"><img loading=\"lazy\" decoding=\"async\" width=\"102\" height=\"129\" src=\"https:\/\/nova.otroci.org\/wp-content\/uploads\/2023\/11\/pdf_102x129.jpg\" alt=\"\" class=\"wp-image-4436\"\/><\/a><\/figure><\/div>\n\n\n<p class=\"has-text-align-center\"><a href=\"https:\/\/www.otroci.org\/detektivske\/BozicDetektivke05.pdf\">Natisni<\/a><\/p>\n<\/div>\n\n\n\n<div class=\"wp-block-column is-layout-flow wp-block-column-is-layout-flow\" style=\"flex-basis:66.66%\">\n<h2 class=\"wp-block-heading\">Barve bo\u017ei\u010dnih okraskov<\/h2>\n\n\n\n<p>Zala, Jaka, Iza in Enej so vsi okra\u0161evali bo\u017ei\u010dna drevesa.<br>Vsak je imel okraske v svoji barvni kombinaciji:<br>srebrno-rde\u010di, zlato-srebrni, zlato-rde\u010di in srebrno-modri.<\/p>\n\n\n\n<p>Kak\u0161ne okraske je imel kateri, \u010de ve\u0161:<\/p>\n\n\n\n<ul class=\"wp-block-list\">\n<li>Jaka nima srebrno-rde\u010de kombinacije,<\/li>\n\n\n\n<li>Iza ima zlato barvo v kombinaciji,<\/li>\n\n\n\n<li>nobena od deklet nima zlato-srebrne in srebrno-rde\u010de kombinacije.<\/li>\n<\/ul>\n<\/div>\n<\/div>\n\n\n\n<hr class=\"wp-block-separator has-text-color has-pale-cyan-blue-color has-alpha-channel-opacity has-pale-cyan-blue-background-color has-background is-style-wide\"\/>\n\n\n\n<div class=\"wp-block-columns is-layout-flex wp-container-core-columns-is-layout-9d6595d7 wp-block-columns-is-layout-flex\">\n<div class=\"wp-block-column is-vertically-aligned-center is-layout-flow wp-block-column-is-layout-flow\"><div class=\"wp-block-image\">\n<figure class=\"aligncenter size-full\"><a href=\"https:\/\/www.otroci.org\/detektivske\/BozicDetektivke04.pdf\"><img loading=\"lazy\" decoding=\"async\" width=\"102\" height=\"129\" src=\"https:\/\/nova.otroci.org\/wp-content\/uploads\/2023\/11\/pdf_102x129.jpg\" alt=\"\" class=\"wp-image-4436\"\/><\/a><\/figure><\/div>\n\n\n<p class=\"has-text-align-center\"><a href=\"https:\/\/www.otroci.org\/detektivske\/BozicDetektivke04.pdf\">Natisni<\/a><\/p>\n<\/div>\n\n\n\n<div class=\"wp-block-column is-layout-flow wp-block-column-is-layout-flow\" style=\"flex-basis:66.66%\">\n<h2 class=\"wp-block-heading\">Barve bo\u017ei\u010dnih lu\u010di<\/h2>\n\n\n\n<p>Aljo\u0161a, Meta, Matev\u017e in Manca imajo pred svojim domom z lu\u010dkami okra\u0161ene smreke. Njihove lu\u010dke so belih, rde\u010dih, modrih in pisanih barv. Ampak vsak od njih ima lu\u010dke le ene izmed teh barv.<\/p>\n\n\n\n<p>Lu\u010dke katere barve ima kateri doma, \u010de ve\u0161:<\/p>\n\n\n\n<ul class=\"wp-block-list\">\n<li>da nobena izmed deklet nima lu\u010dk bele in modre barve,<\/li>\n\n\n\n<li>da Matev\u017e nima modrih ali pisanih lu\u010dk,<\/li>\n\n\n\n<li>pri Manci doma imajo vse v stilu, vsi okraski so v rde\u010di barvi,<br>zato so tudi lu\u010dke usklajene barve.<\/li>\n<\/ul>\n\n\n\n<p>\u017de ve\u0161?<\/p>\n<\/div>\n<\/div>\n\n\n\n<hr class=\"wp-block-separator has-text-color has-pale-cyan-blue-color has-alpha-channel-opacity has-pale-cyan-blue-background-color has-background is-style-wide\"\/>\n\n\n\n<div class=\"wp-block-columns is-layout-flex wp-container-core-columns-is-layout-9d6595d7 wp-block-columns-is-layout-flex\">\n<div class=\"wp-block-column is-vertically-aligned-center is-layout-flow wp-block-column-is-layout-flow\"><div class=\"wp-block-image\">\n<figure class=\"aligncenter size-full\"><a href=\"https:\/\/www.otroci.org\/detektivske\/BozicDetektivke03.pdf\"><img loading=\"lazy\" decoding=\"async\" width=\"102\" height=\"129\" src=\"https:\/\/nova.otroci.org\/wp-content\/uploads\/2023\/11\/pdf_102x129.jpg\" alt=\"\" class=\"wp-image-4436\"\/><\/a><\/figure><\/div>\n\n\n<p class=\"has-text-align-center\"><a href=\"https:\/\/www.otroci.org\/detektivske\/BozicDetektivke03.pdf\">Natisni<\/a><\/p>\n<\/div>\n\n\n\n<div class=\"wp-block-column is-layout-flow wp-block-column-is-layout-flow\" style=\"flex-basis:66.66%\">\n<h2 class=\"wp-block-heading\">Kaj je spekla mami?<\/h2>\n\n\n\n<p>Mamice Sare, Filipa, Ga\u0161pera in Tine so spekle bo\u017ei\u010dne dobrote: sadni kruh, orehovo potico, bo\u017ei\u010dne pi\u0161kote in medenjake.<\/p>\n\n\n\n<p>Katera mamica je spekla kaj?<br>Sarina mamica nikoli ne pe\u010de medenjakov, mamice obeh fantov radi pe\u010deta sadni kruh in potico, a Filipu se zdi, da je orehovo potico letos \u017ee preve\u010dkrat jedel.<\/p>\n\n\n\n<p>A ste \u017ee ugotovili, katere bo\u017ei\u010dne dobrote bodo na \u010digavi mizi?<\/p>\n<\/div>\n<\/div>\n\n\n\n<hr class=\"wp-block-separator has-text-color has-pale-cyan-blue-color has-alpha-channel-opacity has-pale-cyan-blue-background-color has-background is-style-wide\"\/>\n\n\n\n<div class=\"wp-block-columns is-layout-flex wp-container-core-columns-is-layout-9d6595d7 wp-block-columns-is-layout-flex\">\n<div class=\"wp-block-column is-vertically-aligned-center is-layout-flow wp-block-column-is-layout-flow\"><div class=\"wp-block-image\">\n<figure class=\"aligncenter size-full\"><a href=\"https:\/\/www.otroci.org\/detektivske\/BozicDetektivke02.pdf\"><img loading=\"lazy\" decoding=\"async\" width=\"102\" height=\"129\" src=\"https:\/\/nova.otroci.org\/wp-content\/uploads\/2023\/11\/pdf_102x129.jpg\" alt=\"\" class=\"wp-image-4436\"\/><\/a><\/figure><\/div>\n\n\n<p class=\"has-text-align-center\"><a href=\"https:\/\/www.otroci.org\/detektivske\/BozicDetektivke02.pdf\" title=\"\">Natisni<\/a><\/p>\n<\/div>\n\n\n\n<div class=\"wp-block-column is-layout-flow wp-block-column-is-layout-flow\" style=\"flex-basis:66.66%\">\n<h2 class=\"wp-block-heading\">Najljub\u0161a bo\u017ei\u010dna pesem<\/h2>\n\n\n\n<p>Karin, Mojca in Tara prepevajo v skupini Trinitas. V bo\u017ei\u010dnem \u010dasu nastopajo v treh krajih: v Slovenski Bistrici, v Mariboru n v Vinski gori. Povsod nastopajo z eno samo pesmijo. Ker ima vsaka od njih svojo najljub\u0161o bo\u017ei\u010dno pesem, se so odlo\u010dile, da bo na vsakem nastopu zapele eno izmed teh pesmi: Bel bo\u017ei\u010d, Bo\u017ei\u010dna skrivnost s teboj in Sveta no\u010d.<\/p>\n\n\n\n<p>Ugotovi, v katerem kraju so zapele katero pesem in katera izmed treh deklet si jo je izbrala:<\/p>\n\n\n\n<ul class=\"wp-block-list\">\n<li>Karin si pesmi Sveta no\u010d ne bi izbrala, pesmi Bel bo\u017ei\u010d pa niso izvajale v Mariboru.<\/li>\n\n\n\n<li>Moj\u010dine najljub\u0161e pesmi niso izvajale v Slovenski Bistrici, naslov njej najljub\u0161e pesmi pa<br>se za\u010dne s \u010drko B.<\/li>\n\n\n\n<li>Pesem Bo\u017ei\u010dna skrivnost s teboj so izvajale v Slovenski Bistrici.<\/li>\n<\/ul>\n<\/div>\n<\/div>\n\n\n\n<hr class=\"wp-block-separator has-text-color has-pale-cyan-blue-color has-alpha-channel-opacity has-pale-cyan-blue-background-color has-background is-style-wide\"\/>\n\n\n\n<div class=\"wp-block-columns is-layout-flex wp-container-core-columns-is-layout-9d6595d7 wp-block-columns-is-layout-flex\">\n<div class=\"wp-block-column is-vertically-aligned-center is-layout-flow wp-block-column-is-layout-flow\"><div class=\"wp-block-image\">\n<figure class=\"aligncenter size-full\"><a href=\"https:\/\/www.otroci.org\/detektivske\/BozicDetektivke01.pdf\"><img loading=\"lazy\" decoding=\"async\" width=\"102\" height=\"129\" src=\"https:\/\/nova.otroci.org\/wp-content\/uploads\/2023\/11\/pdf_102x129.jpg\" alt=\"\" class=\"wp-image-4436\"\/><\/a><\/figure><\/div>\n\n\n<p class=\"has-text-align-center\"><a href=\"https:\/\/www.otroci.org\/detektivske\/BozicDetektivke01.pdf\">Natisni<\/a><\/p>\n<\/div>\n\n\n\n<div class=\"wp-block-column is-layout-flow wp-block-column-is-layout-flow\" style=\"flex-basis:66.66%\">\n<h2 class=\"wp-block-heading\">Katero darilo je moje? <\/h2>\n\n\n\n<p>Pod bo\u017ei\u010dnim drevescem \u010dakajo na Jako, Najo, Evo in na me darila, ovita v zelen, rde\u010d, zlat in moder papir.<\/p>\n\n\n\n<p>Ugotovi, na katerem darilu pi\u0161e moje ime, \u010de ve\u0161, da v modrem papirju ni darila za punce, da na darilu zlate barve ni zapisano ime s tremi \u010drkami in da meni \u017ee od nekdaj ni v\u0161e\u010d zelena barva !<\/p>\n\n\n\n<p>V kak\u0161en papir je zavito darilo za Jako, Najo in Evo?<\/p>\n<\/div>\n<\/div>\n\n\n\n<hr class=\"wp-block-separator has-text-color has-pale-cyan-blue-color has-alpha-channel-opacity has-pale-cyan-blue-background-color has-background is-style-wide\"\/>\n\n\n\n<div class=\"wp-block-columns is-layout-flex wp-container-core-columns-is-layout-9d6595d7 wp-block-columns-is-layout-flex\">\n<div class=\"wp-block-column is-vertically-aligned-center is-layout-flow wp-block-column-is-layout-flow\"><div class=\"wp-block-image\">\n<figure class=\"aligncenter size-full\"><a href=\"https:\/\/www.otroci.org\/detektivske\/Darilo_za_mamice.pdf\"><img loading=\"lazy\" decoding=\"async\" width=\"102\" height=\"129\" src=\"https:\/\/nova.otroci.org\/wp-content\/uploads\/2023\/11\/pdf_102x129.jpg\" alt=\"\" class=\"wp-image-4436\"\/><\/a><\/figure><\/div>\n\n\n<p class=\"has-text-align-center\"><a href=\"https:\/\/www.otroci.org\/detektivske\/Darilo_za_mamice.pdf\">Natisni<\/a><\/p>\n<\/div>\n\n\n\n<div class=\"wp-block-column is-layout-flow wp-block-column-is-layout-flow\" style=\"flex-basis:66.66%\">\n<h2 class=\"wp-block-heading\">Darilo za njihove mamice<\/h2>\n\n\n\n<p>Mesec marec je mesec, v katerem praznujejo vse mame, babice in tete.<br>Luka, Lucija, Filip in Manca so se odlo\u010dili, da bodo v tem mesecu obdarili<br>svoje mamice Ano, Simono, Sonjo in Majdo. Kot skromna darila jim bodo<br>podarili vrtnico, vijolico v lon\u010dku, \u010dokoladne bonbone in barvanko. Vsak bo<br>svoji mamici podaril le eno izmed teh stvari, ti pa mora\u0161 ugotoviti, katero.<br>Ampak katera izmed mamic je mamica Luke, Lucije, Filipa in Mance?<\/p>\n\n\n\n<p>Natan\u010dno preberi, kar so povedali sami o sebi in drug o drugem ter si pomagaj<br>z razpredelnico.<\/p>\n\n\n\n<p>Majda: \u00bbNa mojih okenskih policah uspeva kar dvajset raznobarvnih vijolic. Vijolice so res cvetlice, ki me najbolj razveselijo.\u00ab<br>Luka: \u00bb Moji mami ni ime Simona in ne mara \u010dokoladnih bonbonov.\u00ab<br>Lucija: \u00bbMoja mamica se najbolj razveseli ro\u017eic! In \u0161e to, moji mamici je ime<br>ali Ana ali Sonja!\u00ab<br>Filip: \u00bbPrva \u010drka imena moje mame je S.\u00ab<br>Ana: \u00bbImam h\u010derko, ki me bo meseca marca zagotovo razveselila z ro\u017eicami.\u00ab<br>Manca: \u00bb\u010ce podarim mamici ro\u017eico, ji podarim tak\u0161no v lon\u010dku.\u00ab<\/p>\n<\/div>\n<\/div>\n\n\n\n<hr class=\"wp-block-separator has-text-color has-pale-cyan-blue-color has-alpha-channel-opacity has-pale-cyan-blue-background-color has-background is-style-wide\"\/>\n\n\n\n<div class=\"wp-block-columns is-layout-flex wp-container-core-columns-is-layout-9d6595d7 wp-block-columns-is-layout-flex\">\n<div class=\"wp-block-column is-vertically-aligned-center is-layout-flow wp-block-column-is-layout-flow\"><div class=\"wp-block-image\">\n<figure class=\"aligncenter size-full\"><a href=\"https:\/\/www.otroci.org\/detektivske\/Zimske_radosti.pdf\"><img loading=\"lazy\" decoding=\"async\" width=\"102\" height=\"129\" src=\"https:\/\/nova.otroci.org\/wp-content\/uploads\/2023\/11\/pdf_102x129.jpg\" alt=\"\" class=\"wp-image-4436\"\/><\/a><\/figure><\/div>\n\n\n<p class=\"has-text-align-center\"><a href=\"https:\/\/www.otroci.org\/detektivske\/Zimske_radosti.pdf\">Natisni<\/a><\/p>\n<\/div>\n\n\n\n<div class=\"wp-block-column is-layout-flow wp-block-column-is-layout-flow\" style=\"flex-basis:66.66%\">\n<h2 class=\"wp-block-heading\">Zimske radosti<\/h2>\n\n\n\n<p>So\u0161olci Alisa, Maru\u0161a, \u017diga, Timi, Tja\u0161a, Simon in Ur\u0161ka obo\u017eujejo zimo. Vas zanima, zakaj? Zato, ker se radi smu\u010dajo ali sankajo, kepajo ali iz snega oblikujejo sne\u017eaka, deskajo na snegu, tekajo s smu\u010dmi ali drsajo po ledu. A vsak najraje po\u010dne le eno izmed teh. Torej je tvoja naloga, da iz danih podatkov ugotovi\u0161, kateri od so\u0161olcev najraje po\u010dne katero izmed na\u0161tetih dejavnosti.<\/p>\n\n\n\n<p>Nih\u010de od fantov ne dela sne\u017eakov, pa tudi drsajo ne!<br>Simon ni navdu\u0161en nad zimskimi \u0161porti, Maru\u0161a pa.<br>Tek na smu\u010deh in deskanje na snegu nista med najljub\u0161imi zimskimi aktivnostmi deklet.<br>Alisa ne dela sne\u017eakov in ne drsa, Tja\u0161a pa se najraje ali smu\u010da ali sanka.<br>\u017diga ne teka na smu\u010deh, Alisa pa pri svoji zimski aktivnosti udobno sedi..<br>Ker je naloga malo te\u017eja, si pomagajte tako, da si nari\u0161ete razpredelnico !<\/p>\n<\/div>\n<\/div>\n\n\n\n<hr class=\"wp-block-separator has-text-color has-pale-cyan-blue-color has-alpha-channel-opacity has-pale-cyan-blue-background-color has-background is-style-wide\"\/>\n\n\n\n<div class=\"wp-block-columns is-layout-flex wp-container-core-columns-is-layout-9d6595d7 wp-block-columns-is-layout-flex\">\n<div class=\"wp-block-column is-vertically-aligned-center is-layout-flow wp-block-column-is-layout-flow\"><div class=\"wp-block-image\">\n<figure class=\"aligncenter size-full\"><a href=\"https:\/\/www.otroci.org\/detektivske\/Jesenski_sadezi.pdf\"><img loading=\"lazy\" decoding=\"async\" width=\"102\" height=\"129\" src=\"https:\/\/nova.otroci.org\/wp-content\/uploads\/2023\/11\/pdf_102x129.jpg\" alt=\"\" class=\"wp-image-4436\"\/><\/a><\/figure><\/div>\n\n\n<p class=\"has-text-align-center\"><a href=\"https:\/\/www.otroci.org\/detektivske\/Jesenski_sadezi.pdf\">Natisni<\/a><\/p>\n<\/div>\n\n\n\n<div class=\"wp-block-column is-layout-flow wp-block-column-is-layout-flow\" style=\"flex-basis:66.66%\">\n<h2 class=\"wp-block-heading\">Jesenski sade\u017ei<\/h2>\n\n\n\n<p>Miha , Manja, Mojca, Ana in Tine so se odlo\u010dili, da izkoristijo jesensko popoldne in se odpravijo nabirati jesenske plodove narave. Vsak je od\u0161el po svoje. Zve\u010der so se dobili in prinesli nabrano. Eden je prinesel lisi\u010dke, drugi grozdje, tretji jur\u010dke, \u010detrti travni\u0161ke \u0161ampinjone in peti kostanj. Nabirali so v malo papirnato vre\u010dko, veliko vre\u010dko, malo in veliko ko\u0161aro ter v vedro. A kdo je nabiral kaj in v kaj je nabirano dajal? Pomagaj si z naslednjimi podatki:<\/p>\n\n\n\n<p>Ana, ki ne mara gob, je nabrala veliko vre\u010do sade\u017eev jeseni.<br>Mojca, ki ne nabira v ko\u0161are, ni prinesla lisi\u010dk in ne kostanjev.<br>Grozdja niso nabirali v vre\u010dke, jur\u010dkov pa ne v ko\u0161are.<br>Manja ni nabirala ne grozdja in ne lisi\u010dk, nabrano pa je dajala v vre\u010dko (veliko ali malo).<br>Za nabiranje travni\u0161kih \u0161ampinjonov potrebujemo veliko vre\u010dko ali veliko ko\u0161aro.<br>Miha ni nabiral po travniku.<br>Ker je naloga malo te\u017eja, si pomagajte tako, da si nari\u0161ete razpredelnico !<\/p>\n<\/div>\n<\/div>\n\n\n\n<hr class=\"wp-block-separator has-text-color has-pale-cyan-blue-color has-alpha-channel-opacity has-pale-cyan-blue-background-color has-background is-style-wide\"\/>\n\n\n\n<div class=\"wp-block-columns is-layout-flex wp-container-core-columns-is-layout-9d6595d7 wp-block-columns-is-layout-flex\">\n<div class=\"wp-block-column is-vertically-aligned-center is-layout-flow wp-block-column-is-layout-flow\"><div class=\"wp-block-image\">\n<figure class=\"aligncenter size-full\"><a href=\"https:\/\/www.otroci.org\/detektivske\/Kdo_S_Kom.pdf\"><img loading=\"lazy\" decoding=\"async\" width=\"102\" height=\"129\" src=\"https:\/\/nova.otroci.org\/wp-content\/uploads\/2023\/11\/pdf_102x129.jpg\" alt=\"\" class=\"wp-image-4436\"\/><\/a><\/figure><\/div>\n\n\n<p class=\"has-text-align-center\"><a href=\"https:\/\/www.otroci.org\/detektivske\/Kdo_S_Kom.pdf\">Natisni<\/a><\/p>\n<\/div>\n\n\n\n<div class=\"wp-block-column is-layout-flow wp-block-column-is-layout-flow\" style=\"flex-basis:66.66%\">\n<h2 class=\"wp-block-heading\">Kdo se je poro\u010dil s kom?<\/h2>\n\n\n\n<p>To leto so se poro\u010dile 4 moje prijateljice: Petra, Majda, Nata\u0161a in Sonja. Ena se je poro\u010dila pozimi, druga poleti, tretja spomladi in \u010detrta jeseni. Za mo\u017ee so si izbrale: Matja\u017ea, Andreja, Bojana in Ale\u0161a.<\/p>\n\n\n\n<p>A tukaj je te\u017eka naloga: ugotovite, katera se je poro\u010dila s katerim na podlagi naslednjih trditev:<\/p>\n\n\n\n<p>Petra, ki se ni poro\u010dila pozimi, ni vzela za mo\u017ea Ale\u0161a in ne Matja\u017ea.<br>Nata\u0161in mo\u017e ni Matja\u017e, Matja\u017e pa se je poro\u010dil pozimi.<br>Ali Majda ali Sonja je poro\u010dena z Andrejem.<br>Sonja ne mara zim.<br>Ker je naloga malo te\u017eja, si pomagajte tako, da si nari\u0161ete razpredelnico !<\/p>\n<\/div>\n<\/div>\n\n\n\n<hr class=\"wp-block-separator has-text-color has-pale-cyan-blue-color has-alpha-channel-opacity has-pale-cyan-blue-background-color has-background is-style-wide\"\/>\n\n\n\n<div class=\"wp-block-columns is-layout-flex wp-container-core-columns-is-layout-9d6595d7 wp-block-columns-is-layout-flex\">\n<div class=\"wp-block-column is-vertically-aligned-center is-layout-flow wp-block-column-is-layout-flow\"><div class=\"wp-block-image\">\n<figure class=\"aligncenter size-full\"><a href=\"https:\/\/www.otroci.org\/detektivske\/V_kateriHisiZiviNatasa.pdf\"><img loading=\"lazy\" decoding=\"async\" width=\"102\" height=\"129\" src=\"https:\/\/nova.otroci.org\/wp-content\/uploads\/2023\/11\/pdf_102x129.jpg\" alt=\"\" class=\"wp-image-4436\"\/><\/a><\/figure><\/div>\n\n\n<p class=\"has-text-align-center\"><a href=\"https:\/\/www.otroci.org\/detektivske\/V_kateriHisiZiviNatasa.pdf\">Natisni<\/a><\/p>\n<\/div>\n\n\n\n<div class=\"wp-block-column is-layout-flow wp-block-column-is-layout-flow\" style=\"flex-basis:66.66%\">\n<h2 class=\"wp-block-heading\">V kateri hi\u0161i \u017eivi Nata\u0161a ?<\/h2>\n\n\n\n<p>Moja prijateljica Nata\u0161a \u017eivi v majhnem kraju, kjer je le pet hi\u0161. Zato ima vsaka hi\u0161a svojo \u0161tevilko: od 1 do 5. Nata\u0161a mi je povedala, da stanuje v veliki rumeni hi\u0161i z velikim vrtom in vrtnicami ob vhodnih vratih.<\/p>\n\n\n\n<p>Danes jo \u017eelim obiskati. A kaj, ko sem jo pozabila vpra\u0161ati za \u0161tevilko hi\u0161e!<\/p>\n\n\n\n<p>Tako sedaj stojim pred hi\u0161ami in si jih ogledujem. Hi\u0161e \u0161tevilka 2, 3 in 4 so rumene barve, hi\u0161i \u0161tevilka 1 in 5 pa bele barve. Okrog hi\u0161 1,2,3 in 5 je velik vrt. Le pri hi\u0161ah \u0161tevilka 1 in 3 ne rastejo pri vhodu vrtnice.<\/p>\n\n\n\n<p>Kako zapleteno! Vsaka hi\u0161a vsaj delno ustreza opisu Nata\u0161ine hi\u0161e!<\/p>\n\n\n\n<p>A katera je prava?<\/p>\n\n\n\n<p>Pomagaj mi ugotoviti, v kateri hi\u0161i \u017eivi Nata\u0161a ter \u0161tevilko hi\u0161e napi\u0161i v kvadrat ob narisani hi\u0161i.<\/p>\n<\/div>\n<\/div>\n\n\n\n<hr class=\"wp-block-separator has-text-color has-pale-cyan-blue-color has-alpha-channel-opacity has-pale-cyan-blue-background-color has-background is-style-wide\"\/>\n\n\n\n<div class=\"wp-block-columns is-layout-flex wp-container-core-columns-is-layout-9d6595d7 wp-block-columns-is-layout-flex\">\n<div class=\"wp-block-column is-vertically-aligned-center is-layout-flow wp-block-column-is-layout-flow\"><div class=\"wp-block-image\">\n<figure class=\"aligncenter size-full\"><a href=\"https:\/\/www.otroci.org\/detektivske\/KdoJePozabilKljuce.pdf\"><img loading=\"lazy\" decoding=\"async\" width=\"102\" height=\"129\" src=\"https:\/\/nova.otroci.org\/wp-content\/uploads\/2023\/11\/pdf_102x129.jpg\" alt=\"\" class=\"wp-image-4436\"\/><\/a><\/figure><\/div>\n\n\n<p class=\"has-text-align-center\"><a href=\"https:\/\/www.otroci.org\/detektivske\/KdoJePozabilKljuce.pdf\">Natisni<\/a><\/p>\n<\/div>\n\n\n\n<div class=\"wp-block-column is-layout-flow wp-block-column-is-layout-flow\" style=\"flex-basis:66.66%\">\n<h2 class=\"wp-block-heading\">Kdo je pozabil klju\u010de?<\/h2>\n\n\n\n<p>Peter Je Imel Danes V Svoji Pisarni Tri Obiske.<\/p>\n\n\n\n<p>Najprej Je Imel Sestanek Z Matja\u017eem, Ki Pa Se Ni Dolgo Zadr\u017eal, Saj Se Mu Je Mudilo Na Avtobus.<\/p>\n\n\n\n<p>Nato Ga Je Pri\u0161el Pozdraviti Tadej S Polnimi Rokami. V Desni Je Dr\u017eal \u010celado Za Motorno Kolo, V Levi Pa Je Imel Poslovno Torbo.<\/p>\n\n\n\n<p>Bojan Je Ostal Najdlje, Saj Sta Morala Sestaviti Pomembno Pogodbo.<\/p>\n\n\n\n<p>Ko Je Peter Odhajal Iz Pisarne, Je Na Tleh Na\u0161el Avtomobilske Klju\u010de. Njegovi Niso Bili, Torej Jih Je Nekdo Izgubil.<\/p>\n\n\n\n<p>Najdi Lastnika Avtomobilskih Klju\u010dev Ter Njegovo Ime Pripi\u0161i Klju\u010du, Ki Ga Sam Nari\u0161e\u0161 V Spodnji Okvir.<\/p>\n<\/div>\n<\/div>\n\n\n\n<hr class=\"wp-block-separator has-text-color has-pale-cyan-blue-color has-alpha-channel-opacity has-pale-cyan-blue-background-color has-background is-style-wide\"\/>\n\n\n\n<div class=\"wp-block-columns is-layout-flex wp-container-core-columns-is-layout-9d6595d7 wp-block-columns-is-layout-flex\">\n<div class=\"wp-block-column is-vertically-aligned-center is-layout-flow wp-block-column-is-layout-flow\"><div class=\"wp-block-image\">\n<figure class=\"aligncenter size-full\"><a href=\"https:\/\/www.otroci.org\/detektivske\/KdoJePojedelZemljico.pdf\"><img loading=\"lazy\" decoding=\"async\" width=\"102\" height=\"129\" src=\"https:\/\/nova.otroci.org\/wp-content\/uploads\/2023\/11\/pdf_102x129.jpg\" alt=\"\" class=\"wp-image-4436\"\/><\/a><\/figure><\/div>\n\n\n<p class=\"has-text-align-center\"><a href=\"https:\/\/www.otroci.org\/detektivske\/KdoJePojedelZemljico.pdf\">Natisni<\/a><\/p>\n<\/div>\n\n\n\n<div class=\"wp-block-column is-layout-flow wp-block-column-is-layout-flow\" style=\"flex-basis:66.66%\">\n<h2 class=\"wp-block-heading\">Kdo je pojedel mojo \u017eemljico?<\/h2>\n\n\n\n<p>Pri Na\u0161i Dru\u017eini Je Pet Otrok: Tadej, Matej, Lucija, Toma\u017e In Jaz. Toma\u017e Je Trenutno Na Morju. Tadej Je Posebne\u017e V Na\u0161i Dru\u017eini, Saj Ne Je Mesa, Belega Kruha In \u017demljic Ter Uporablja Le Malo Soli In Sladkorja. Matej Je Njegovo Nasprotje, Saj Rad Je \u010cisto Vse. Lucija Pa Je Na\u0161 Dojen\u010dek. Stara Je 5 Mesecev, Pije Le \u010caj\u010dke In Mleko, Poje Pa Tudi Kak\u0161no Sadno Ka\u0161ico.<\/p>\n\n\n\n<p>Ker Grem Danes Na Izlet, Sem Si V\u010deraj Kupila Dve \u017demljici.<\/p>\n\n\n\n<p>A Danes Me Je \u010cakala Le Ena!<\/p>\n\n\n\n<p>Kdo Mi Je Pojedel Eno \u017demljico?<\/p>\n\n\n\n<p>Toma\u017e? Tadej? Matej? Lucija? Jaz Je Nisem!<\/p>\n\n\n\n<p>\u010ce Najde\u0161 Tega Po\u017eeru\u0161\u010dka, Pobarvaj Pu\u0161\u010dico Pred Njegovim Imenom Z Rde\u010do Barvo !<\/p>\n<\/div>\n<\/div>\n\n\n\n<hr class=\"wp-block-separator has-text-color has-pale-cyan-blue-color has-alpha-channel-opacity has-pale-cyan-blue-background-color has-background is-style-wide\"\/>\n\n\n\n<div class=\"wp-block-columns is-layout-flex wp-container-core-columns-is-layout-9d6595d7 wp-block-columns-is-layout-flex\">\n<div class=\"wp-block-column is-vertically-aligned-center is-layout-flow wp-block-column-is-layout-flow\"><div class=\"wp-block-image\">\n<figure class=\"aligncenter size-full\"><a href=\"https:\/\/www.otroci.org\/detektivske\/KateraSePoroci.pdf\"><img loading=\"lazy\" decoding=\"async\" width=\"102\" height=\"129\" src=\"https:\/\/nova.otroci.org\/wp-content\/uploads\/2023\/11\/pdf_102x129.jpg\" alt=\"\" class=\"wp-image-4436\"\/><\/a><\/figure><\/div>\n\n\n<p class=\"has-text-align-center\"><a href=\"https:\/\/www.otroci.org\/detektivske\/KateraSePoroci.pdf\">Natisni<\/a><\/p>\n<\/div>\n\n\n\n<div class=\"wp-block-column is-layout-flow wp-block-column-is-layout-flow\" style=\"flex-basis:66.66%\">\n<h2 class=\"wp-block-heading\">Katera se poro\u010di?<\/h2>\n\n\n\n<p>Cvetli\u010darka je imela nalogo, da pelje k dru\u017eini Petri\u010d poro\u010dno darilo. Pri tej dru\u017eini se je namre\u010d to soboto nekdo poro\u010dal. Kdo, cvetli\u010darka ni vedela. A da bi darilo pri\u0161lo v prave roke, se je morala pozanimati.<\/p>\n\n\n\n<p>Tako je izvedela, da imajo v dru\u017eini Petri\u010d 4 otroke: Jasno, Mileno, Matja\u017ea in Karmen. Jasna, Karmen in Matja\u017e so stari ve\u010d kakor 25 let. Prav tako ima Karmen \u017ee resnega fanta in Matja\u017e resno punco.<\/p>\n\n\n\n<p>Nekdo drug ji je povedal, da se pri tej dru\u017eini to soboto mo\u017ei dekle, ki je staro ve\u010d kot 25 let.<\/p>\n\n\n\n<p>Cvetli\u010darka je razmi\u0161ljala in razmi\u0161ljala. Ni vedela, katero ime naj napi\u0161e na darilo.<\/p>\n\n\n\n<p>Morda ve\u0161 ti?<\/p>\n\n\n\n<p>\u010ce ve\u0161, napi\u0161i in \u0161e razlo\u017ei ubogi cvetli\u010darki, kako si vedel, da se poro\u010di ravno tista oseba.<\/p>\n<\/div>\n<\/div>\n\n\n\n<hr class=\"wp-block-separator has-text-color has-pale-cyan-blue-color has-alpha-channel-opacity has-pale-cyan-blue-background-color has-background is-style-wide\"\/>\n\n\n\n<div class=\"wp-block-columns is-layout-flex wp-container-core-columns-is-layout-9d6595d7 wp-block-columns-is-layout-flex\">\n<div class=\"wp-block-column is-vertically-aligned-center is-layout-flow wp-block-column-is-layout-flow\"><div class=\"wp-block-image\">\n<figure class=\"aligncenter size-full\"><a href=\"https:\/\/www.otroci.org\/detektivske\/CigavJeKovcek.pdf\"><img loading=\"lazy\" decoding=\"async\" width=\"102\" height=\"129\" src=\"https:\/\/nova.otroci.org\/wp-content\/uploads\/2023\/11\/pdf_102x129.jpg\" alt=\"\" class=\"wp-image-4436\"\/><\/a><\/figure><\/div>\n\n\n<p class=\"has-text-align-center\"><a href=\"https:\/\/www.otroci.org\/detektivske\/CigavJeKovcek.pdf\">Natisni<\/a><\/p>\n<\/div>\n\n\n\n<div class=\"wp-block-column is-layout-flow wp-block-column-is-layout-flow\" style=\"flex-basis:66.66%\">\n<h2 class=\"wp-block-heading\">\u010cigav je kov\u010dek?<\/h2>\n\n\n\n<p>Mama Sonja je pospravljala Bla\u017eeve igra\u010de na dvori\u0161\u010du. Ker se je Bla\u017e popoldan igral s svojimi prijatelji Ga\u0161perjem, Janom, Tino, Anjo in Matejem, je imela kar veliko dela. A med vsemi sinovimi igra\u010dami zagleda kov\u010dek z igra\u010dami, ki ga je prvi\u010d videla. Torej ga je nekdo izmed Bla\u017eevih prijateljev pozabil. Ampak kdo?<\/p>\n\n\n\n<p>Ker sama ni vedela odgovora, je poklicala Bla\u017ea. A tudi ta ji ni znal veliko pomagati. Povedal je le, da se mu zdi, da Jan in Anja s seboj nista prinesla igra\u010d. Ko sta pogledala v kov\u010dek, sta v njem na\u0161la otro\u0161ko kladivo, izvija\u010de, vrtalnik in podobne re\u010di. Mami se je zdelo, da se punce verjetno s tem ne igrajo. Ravno takrat je na njihov vrt pritekel Matej. Bla\u017e in mama sta ga vpra\u0161ala, ali je kov\u010dek njegov. \u00bbNi,\u00ab je odvrnil.<\/p>\n\n\n\n<p>Mama se je zamislila in dejala: \u00bb\u017de vem, \u010digav je!\u00ab<\/p>\n\n\n\n<p>ALI VESTE TUDI VI?<\/p>\n<\/div>\n<\/div>\n\n\n\n<hr class=\"wp-block-separator has-text-color has-pale-cyan-blue-color has-alpha-channel-opacity has-pale-cyan-blue-background-color has-background is-style-wide\"\/>\n\n\n\n<div class=\"wp-block-columns is-layout-flex wp-container-core-columns-is-layout-9d6595d7 wp-block-columns-is-layout-flex\">\n<div class=\"wp-block-column is-vertically-aligned-center is-layout-flow wp-block-column-is-layout-flow\"><div class=\"wp-block-image\">\n<figure class=\"aligncenter size-full\"><a href=\"https:\/\/www.otroci.org\/detektivske\/AljazevaMamica.pdf\"><img loading=\"lazy\" decoding=\"async\" width=\"102\" height=\"129\" src=\"https:\/\/nova.otroci.org\/wp-content\/uploads\/2023\/11\/pdf_102x129.jpg\" alt=\"\" class=\"wp-image-4436\"\/><\/a><\/figure><\/div>\n\n\n<p class=\"has-text-align-center\"><a href=\"https:\/\/www.otroci.org\/detektivske\/AljazevaMamica.pdf\">Natisni<\/a><\/p>\n<\/div>\n\n\n\n<div class=\"wp-block-column is-layout-flow wp-block-column-is-layout-flow\" style=\"flex-basis:66.66%\">\n<h2 class=\"wp-block-heading\">Katera mamica je Alja\u017eeva mamica?<\/h2>\n\n\n\n<p>Alja\u017e je star komaj tri leta. Z mamico sta \u0161la v veliko trgovino. Ker Alja\u017e ne mara nakupovanja, ga mamica v tem \u010dasu pusti v otro\u0161kem koti\u010dku. Tam se Alja\u017e veselo igra.<\/p>\n\n\n\n<p>A danes ni tako. Odkar je mamica od\u0161la nakupovati, joka. Dekleti, ki pazita otoka, se odlo\u010dita, da gre ena izmed njiju poiskati Alja\u017eevo mamico. A kaj, ko sta pozabili, kako ji je ime! Tudi Alja\u017e se v joku ne spomni mami\u010dinega imena.<\/p>\n\n\n\n<p>V tem \u010dasu je bilo v otro\u0161kem koti\u010dku osem otrok. Pripeljale so jih mamice z imeni Nina, Mojca, Petra, Tanja, Klara, Vlasta, Marjetka in Suzana.<\/p>\n\n\n\n<p>Mojca in Tanja so svetlolase, Nina rde\u010delasa, ostale mamice pa so rjavolase. Klara, Vlasta in Mojca so dolgolase, ostale mamice imajo kratke lase. Petra, Tanja in Suzana imajo dva otroka, ostale le po enega.<\/p>\n\n\n\n<p>Dekletoma ni preostalo drugega, kakor da sta Alja\u017ea prosili, naj jima opi\u0161e njegovo mamico. Povedal je:<\/p>\n\n\n\n<ul class=\"wp-block-list\">\n<li>da ima njegova mamica kratke rjave lase,<\/li>\n\n\n\n<li>in da nima ne bratca in ne sestrice.<\/li>\n<\/ul>\n\n\n\n<p>Dekleti sta razmi\u0161ljali in razmi\u0161ljali, katera bi bila Alja\u017eeva mamica\u2026<\/p>\n\n\n\n<p>ALJA\u017dU, KI SI \u017dELI, DA GA POTOLA\u017dI MAMICA, POMAGAJTE TAKO, DA UGOTOVITE IME NJEGOVE MAMICE.<\/p>\n<\/div>\n<\/div>\n\n\n\n<p>Avtor : Tea Vindi\u0161<\/p>\n","protected":false},"excerpt":{"rendered":"<p>Detektivske uganke za otroke so navdu\u0161ujo\u010de igre, ki spodbujajo logi\u010dno razmi\u0161ljanje in domi\u0161ljijo. Vklju\u010dujejo skrivnostne scenarije, kjer morajo otroci re\u0161iti<\/p>\n","protected":false},"author":1,"featured_media":9530,"comment_status":"closed","ping_status":"closed","sticky":false,"template":"","format":"standard","meta":{"om_disable_all_campaigns":false,"_monsterinsights_skip_tracking":false,"_monsterinsights_sitenote_active":false,"_monsterinsights_sitenote_note":"","_monsterinsights_sitenote_category":0,"ngg_post_thumbnail":0,"footnotes":""},"categories":[53],"tags":[],"class_list":["post-9516","post","type-post","status-publish","format-standard","has-post-thumbnail","hentry","category-razno"],"aioseo_notices":[],"_links":{"self":[{"href":"https:\/\/nova.otroci.org\/index.php\/wp-json\/wp\/v2\/posts\/9516","targetHints":{"allow":["GET"]}}],"collection":[{"href":"https:\/\/nova.otroci.org\/index.php\/wp-json\/wp\/v2\/posts"}],"about":[{"href":"https:\/\/nova.otroci.org\/index.php\/wp-json\/wp\/v2\/types\/post"}],"author":[{"embeddable":true,"href":"https:\/\/nova.otroci.org\/index.php\/wp-json\/wp\/v2\/users\/1"}],"replies":[{"embeddable":true,"href":"https:\/\/nova.otroci.org\/index.php\/wp-json\/wp\/v2\/comments?post=9516"}],"version-history":[{"count":0,"href":"https:\/\/nova.otroci.org\/index.php\/wp-json\/wp\/v2\/posts\/9516\/revisions"}],"wp:featuredmedia":[{"embeddable":true,"href":"https:\/\/nova.otroci.org\/index.php\/wp-json\/wp\/v2\/media\/9530"}],"wp:attachment":[{"href":"https:\/\/nova.otroci.org\/index.php\/wp-json\/wp\/v2\/media?parent=9516"}],"wp:term":[{"taxonomy":"category","embeddable":true,"href":"https:\/\/nova.otroci.org\/index.php\/wp-json\/wp\/v2\/categories?post=9516"},{"taxonomy":"post_tag","embeddable":true,"href":"https:\/\/nova.otroci.org\/index.php\/wp-json\/wp\/v2\/tags?post=9516"}],"curies":[{"name":"wp","href":"https:\/\/api.w.org\/{rel}","templated":true}]}}